{"id":2719,"date":"2021-07-12T18:16:00","date_gmt":"2021-07-12T22:16:00","guid":{"rendered":"https:\/\/u15.ca\/impact-stories\/montreal-nord-et-la-covid-19-debut-dune-etude-sur-les-facteurs-de-risque-et\/"},"modified":"2022-10-13T12:48:16","modified_gmt":"2022-10-13T16:48:16","slug":"montreal-nord-et-la-covid-19-debut-dune-etude-sur-les-facteurs-de-risque-et","status":"publish","type":"impact-stories","link":"https:\/\/u15.ca\/fr\/impact-stories\/montreal-nord-et-la-covid-19-debut-dune-etude-sur-les-facteurs-de-risque-et\/","title":{"rendered":"Montr\u00e9al-Nord et la COVID-19: d\u00e9but d\u0092une \u00e9tude sur les facteurs de risque et l\u0092immunit\u00e9"},"content":{"rendered":"<p><img decoding=\"async\" alt=\"\" src=\"https:\/\/u15.ca\/wp-content\/uploads\/2022\/08\/montreal-colour.png\" style=\"width: 175px; height: 70px; margin: 10px; float: left;\" \/>Une \u00e9tude a \u00e9t\u00e9 lanc\u00e9e pour d\u00e9couvrir pourquoi Montr\u00e9al-Nord a \u00e9t\u00e9 l\u0092un des quartiers les plus fortement touch\u00e9s au Canada par la pand\u00e9mie de COVID-19&#8230;.<\/p>\n<p><a href=\"https:\/\/nouvelles.umontreal.ca\/article\/2021\/07\/07\/montreal-nord-et-la-covid-19-debut-d-une-etude-sur-les-facteurs-de-risque-et-l-immunite\/\" target=\"_blank\" rel=\"noopener\">https:\/\/nouvelles.umontreal.ca\/article\/2021\/07\/07\/montreal-nord-et-la-covid-19-debut-d-une-etude-sur-les-facteurs-de-risque-et-l-immunite\/<\/a><\/p>\n","protected":false},"excerpt":{"rendered":"<p>Une \u00e9tude a \u00e9t\u00e9 lanc\u00e9e pour d\u00e9couvrir pourquoi Montr\u00e9al-Nord a \u00e9t\u00e9 l\u0092un des quartiers les plus fortement touch\u00e9s au Canada par la pand\u00e9mie de COVID-19&#8230;. https:\/\/nouvelles.umontreal.ca\/article\/2021\/07\/07\/montreal-nord-et-la-covid-19-debut-d-une-etude-sur-les-facteurs-de-risque-et-l-immunite\/<\/p>\n","protected":false},"featured_media":1940,"template":"","geography":[],"industry":[],"topic":[1487,1492,1511],"audience":[1429],"institution":[1394],"impact-story-tags":[],"class_list":["post-2719","impact-stories","type-impact-stories","status-publish","has-post-thumbnail","hentry","topic-covid-19-3","topic-sante","topic-etude","audience-communaute","institution-universite-de-montreal-3"],"acf":[],"_links":{"self":[{"href":"https:\/\/u15.ca\/fr\/wp-json\/wp\/v2\/impact-stories\/2719","targetHints":{"allow":["GET"]}}],"collection":[{"href":"https:\/\/u15.ca\/fr\/wp-json\/wp\/v2\/impact-stories"}],"about":[{"href":"https:\/\/u15.ca\/fr\/wp-json\/wp\/v2\/types\/impact-stories"}],"wp:featuredmedia":[{"embeddable":true,"href":"https:\/\/u15.ca\/fr\/wp-json\/wp\/v2\/media\/1940"}],"wp:attachment":[{"href":"https:\/\/u15.ca\/fr\/wp-json\/wp\/v2\/media?parent=2719"}],"wp:term":[{"taxonomy":"geography","embeddable":true,"href":"https:\/\/u15.ca\/fr\/wp-json\/wp\/v2\/geography?post=2719"},{"taxonomy":"industry","embeddable":true,"href":"https:\/\/u15.ca\/fr\/wp-json\/wp\/v2\/industry?post=2719"},{"taxonomy":"topic","embeddable":true,"href":"https:\/\/u15.ca\/fr\/wp-json\/wp\/v2\/topic?post=2719"},{"taxonomy":"audience","embeddable":true,"href":"https:\/\/u15.ca\/fr\/wp-json\/wp\/v2\/audience?post=2719"},{"taxonomy":"institution","embeddable":true,"href":"https:\/\/u15.ca\/fr\/wp-json\/wp\/v2\/institution?post=2719"},{"taxonomy":"impact-story-tags","embeddable":true,"href":"https:\/\/u15.ca\/fr\/wp-json\/wp\/v2\/impact-story-tags?post=2719"}],"curies":[{"name":"wp","href":"https:\/\/api.w.org\/{rel}","templated":true}]}}