{"id":2831,"date":"2020-11-04T17:46:00","date_gmt":"2020-11-04T22:46:00","guid":{"rendered":"https:\/\/u15.ca\/impact-stories\/transmission-de-la-covid-19-pour-sortir-de-la-controverse-gouttelettes-contre\/"},"modified":"2022-10-13T12:48:54","modified_gmt":"2022-10-13T16:48:54","slug":"transmission-de-la-covid-19-pour-sortir-de-la-controverse-gouttelettes-contre","status":"publish","type":"impact-stories","link":"https:\/\/u15.ca\/fr\/impact-stories\/transmission-de-la-covid-19-pour-sortir-de-la-controverse-gouttelettes-contre\/","title":{"rendered":"Transmission de la COVID-19: pour sortir de la controverse gouttelettes contre a\u00e9rosols"},"content":{"rendered":"<p><img decoding=\"async\" alt=\"\" src=\"https:\/\/u15.ca\/wp-content\/uploads\/2022\/08\/laval-colour.png\" style=\"width: 175px; height: 72px; margin-left: 10px; margin-right: 10px; float: left;\" \/><\/p>\n<p>Deux chercheuses proposent un mod\u00e8le qui r\u00e9concilie ces deux voies de transmission du SARS-CoV-2.<\/p>\n<p>Les sp\u00e9cialistes s&rsquo;entendent sur le fait que les gouttelettes \u00e9mises par une personne porteuse du SARS-CoV-2 sont le principal mode de transmission du virus. Par contre, la possibilit\u00e9 qu&rsquo;il puisse aussi se propager par la voie d&rsquo;a\u00e9rosols suscite encore la controverse. \u00abLa question n&rsquo;est pas uniquement th\u00e9orique. Elle a une incidence sur les mesures qu&rsquo;il faut adopter et sur l&rsquo;\u00e9quipement qu&rsquo;il faut porter pour se prot\u00e9ger contre le virus\u00bb, souligne Caroline Duchaine, professeure au D\u00e9partement de biochimie, de microbiologie et de bio-informatique de l&rsquo;Universit\u00e9 Laval et chercheuse au Centre de recherche de l&rsquo;Institut universitaire de cardiologie et de pneumologie&#8230;.<\/p>\n<p><a href=\"https:\/\/nouvelles.ulaval.ca\/recherche\/transmission-de-la-covid-19-pour-sortir-de-la-controverse-gouttelettes-contre-aerosols-164ca0a3fd53e3d545630428b734cb26?sourceOrganizationKey=ulaval\" target=\"_blank\" rel=\"noopener\">https:\/\/nouvelles.ulaval.ca\/recherche\/transmission-de-la-covid-19-pour-sortir-de-la-controverse-gouttelettes-contre-aerosols<\/a><\/p>\n","protected":false},"excerpt":{"rendered":"<p>Deux chercheuses proposent un mod\u00e8le qui r\u00e9concilie ces deux voies de transmission du SARS-CoV-2. Les sp\u00e9cialistes s&rsquo;entendent sur le fait que les gouttelettes \u00e9mises par une personne porteuse du SARS-CoV-2 sont le principal mode de transmission du virus. Par contre, la possibilit\u00e9 qu&rsquo;il puisse aussi se propager par la voie d&rsquo;a\u00e9rosols suscite encore la controverse. [&hellip;]<\/p>\n","protected":false},"featured_media":2051,"template":"","geography":[],"industry":[1548],"topic":[1487],"audience":[],"institution":[1395],"impact-story-tags":[],"class_list":["post-2831","impact-stories","type-impact-stories","status-publish","has-post-thumbnail","hentry","industry-recherche","topic-covid-19-3","institution-universite-laval-3"],"acf":[],"_links":{"self":[{"href":"https:\/\/u15.ca\/fr\/wp-json\/wp\/v2\/impact-stories\/2831","targetHints":{"allow":["GET"]}}],"collection":[{"href":"https:\/\/u15.ca\/fr\/wp-json\/wp\/v2\/impact-stories"}],"about":[{"href":"https:\/\/u15.ca\/fr\/wp-json\/wp\/v2\/types\/impact-stories"}],"wp:featuredmedia":[{"embeddable":true,"href":"https:\/\/u15.ca\/fr\/wp-json\/wp\/v2\/media\/2051"}],"wp:attachment":[{"href":"https:\/\/u15.ca\/fr\/wp-json\/wp\/v2\/media?parent=2831"}],"wp:term":[{"taxonomy":"geography","embeddable":true,"href":"https:\/\/u15.ca\/fr\/wp-json\/wp\/v2\/geography?post=2831"},{"taxonomy":"industry","embeddable":true,"href":"https:\/\/u15.ca\/fr\/wp-json\/wp\/v2\/industry?post=2831"},{"taxonomy":"topic","embeddable":true,"href":"https:\/\/u15.ca\/fr\/wp-json\/wp\/v2\/topic?post=2831"},{"taxonomy":"audience","embeddable":true,"href":"https:\/\/u15.ca\/fr\/wp-json\/wp\/v2\/audience?post=2831"},{"taxonomy":"institution","embeddable":true,"href":"https:\/\/u15.ca\/fr\/wp-json\/wp\/v2\/institution?post=2831"},{"taxonomy":"impact-story-tags","embeddable":true,"href":"https:\/\/u15.ca\/fr\/wp-json\/wp\/v2\/impact-story-tags?post=2831"}],"curies":[{"name":"wp","href":"https:\/\/api.w.org\/{rel}","templated":true}]}}