{"id":2914,"date":"2020-07-08T14:41:00","date_gmt":"2020-07-08T18:41:00","guid":{"rendered":"https:\/\/u15.ca\/impact-stories\/la-faculte-de-pharmacie-se-mobilise-pour-repondre-la-crise-du-coronavirus\/"},"modified":"2022-10-13T12:49:25","modified_gmt":"2022-10-13T16:49:25","slug":"la-faculte-de-pharmacie-se-mobilise-pour-repondre-la-crise-du-coronavirus","status":"publish","type":"impact-stories","link":"https:\/\/u15.ca\/fr\/impact-stories\/la-faculte-de-pharmacie-se-mobilise-pour-repondre-la-crise-du-coronavirus\/","title":{"rendered":"La Facult\u00e9 de pharmacie se mobilise pour r\u00e9pondre \u00e0 la crise du coronavirus"},"content":{"rendered":"<p><img decoding=\"async\" alt=\"\" src=\"https:\/\/u15.ca\/wp-content\/uploads\/2022\/08\/montreal-colour.png\" style=\"width: 175px; height: 70px; margin-left: 10px; margin-right: 10px; float: left;\" \/><\/p>\n<p>\u00c0 l\u0092instar des facult\u00e9s de m\u00e9decine et de sciences infirmi\u00e8res ainsi que de l\u0092\u00c9cole de travail social, la Facult\u00e9 de pharmacie de l\u0092Universit\u00e9 de Montr\u00e9al s\u0092est mobilis\u00e9e pour r\u00e9pondre \u00e0 l\u0092appel du gouvernement et envoyer rapidement en renfort de nouveaux professionnels et nouvelles professionnelles sur le terrain&#8230;.<\/p>\n<p><a href=\"https:\/\/nouvelles.umontreal.ca\/article\/2020\/04\/24\/la-faculte-de-pharmacie-se-mobilise-pour-repondre-a-la-crise-du-coronavirus\/\" target=\"_blank\" rel=\"noopener\">https:\/\/nouvelles.umontreal.ca\/article\/2020\/04\/24\/la-faculte-de-pharmacie-se-mobilise-pour-repondre-a-la-crise-du-coronavirus\/<\/a><\/p>\n","protected":false},"excerpt":{"rendered":"<p>\u00c0 l\u0092instar des facult\u00e9s de m\u00e9decine et de sciences infirmi\u00e8res ainsi que de l\u0092\u00c9cole de travail social, la Facult\u00e9 de pharmacie de l\u0092Universit\u00e9 de Montr\u00e9al s\u0092est mobilis\u00e9e pour r\u00e9pondre \u00e0 l\u0092appel du gouvernement et envoyer rapidement en renfort de nouveaux professionnels et nouvelles professionnelles sur le terrain&#8230;. https:\/\/nouvelles.umontreal.ca\/article\/2020\/04\/24\/la-faculte-de-pharmacie-se-mobilise-pour-repondre-a-la-crise-du-coronavirus\/<\/p>\n","protected":false},"featured_media":2112,"template":"","geography":[],"industry":[],"topic":[],"audience":[],"institution":[1394],"impact-story-tags":[],"class_list":["post-2914","impact-stories","type-impact-stories","status-publish","has-post-thumbnail","hentry","institution-universite-de-montreal-3"],"acf":[],"_links":{"self":[{"href":"https:\/\/u15.ca\/fr\/wp-json\/wp\/v2\/impact-stories\/2914","targetHints":{"allow":["GET"]}}],"collection":[{"href":"https:\/\/u15.ca\/fr\/wp-json\/wp\/v2\/impact-stories"}],"about":[{"href":"https:\/\/u15.ca\/fr\/wp-json\/wp\/v2\/types\/impact-stories"}],"wp:featuredmedia":[{"embeddable":true,"href":"https:\/\/u15.ca\/fr\/wp-json\/wp\/v2\/media\/2112"}],"wp:attachment":[{"href":"https:\/\/u15.ca\/fr\/wp-json\/wp\/v2\/media?parent=2914"}],"wp:term":[{"taxonomy":"geography","embeddable":true,"href":"https:\/\/u15.ca\/fr\/wp-json\/wp\/v2\/geography?post=2914"},{"taxonomy":"industry","embeddable":true,"href":"https:\/\/u15.ca\/fr\/wp-json\/wp\/v2\/industry?post=2914"},{"taxonomy":"topic","embeddable":true,"href":"https:\/\/u15.ca\/fr\/wp-json\/wp\/v2\/topic?post=2914"},{"taxonomy":"audience","embeddable":true,"href":"https:\/\/u15.ca\/fr\/wp-json\/wp\/v2\/audience?post=2914"},{"taxonomy":"institution","embeddable":true,"href":"https:\/\/u15.ca\/fr\/wp-json\/wp\/v2\/institution?post=2914"},{"taxonomy":"impact-story-tags","embeddable":true,"href":"https:\/\/u15.ca\/fr\/wp-json\/wp\/v2\/impact-story-tags?post=2914"}],"curies":[{"name":"wp","href":"https:\/\/api.w.org\/{rel}","templated":true}]}}